{"id":1929,"date":"2013-10-24T16:04:11","date_gmt":"2013-10-24T14:04:11","guid":{"rendered":"http:\/\/galeriamnextgen.local\/kacper-bozek-w-galerii-m-2\/"},"modified":"2013-10-24T16:58:25","modified_gmt":"2013-10-24T14:58:25","slug":"kacper-bozek-w-galerii-m","status":"publish","type":"post","link":"https:\/\/galeriam.com\/en\/kacper-bozek-w-galerii-m\/","title":{"rendered":"KACPER BO\u017bEK w Galerii M"},"content":{"rendered":"<p>Z przyjemno\u015bci\u0105 informujemy, i\u017c w Galerii M Odwach s\u0105 ju\u017c dost\u0119pne prace jednego z najlepszych polskich grafik\u00f3w, tegorocznego laureata drugiej nagrody Premio Sciascia, ucznia Stanis\u0142awa Wejmana &#8211; KACPRA BO\u017bKA.<\/p>\n<p>W naszej kolekcji oferujemy tek\u0119 dwunastu akwafort\u00a0<em>Mistrz i Ma\u0142gorzata<\/em>, wydanej przez krakowski Nautilus oraz b\u0119dzi\u0144ski Czas. Grafiki z tego cyklu s\u0105 tak\u017ce dost\u0119pne w pojedynczych odbitkach.\u00a0Jest to kolekcjonerski rarytas.<\/p>\n<p>Zapraszamy!<\/p>\n","protected":false},"excerpt":{"rendered":"<p>Z przyjemno\u015bci\u0105 informujemy, i\u017c w Galerii M Odwach s\u0105 ju\u017c dost\u0119pne prace jednego z najlepszych polskich grafik\u00f3w, tegorocznego laureata drugiej nagrody Premio Sciascia, ucznia Stanis\u0142awa [&hellip;]<\/p>\n","protected":false},"author":2,"featured_media":0,"comment_status":"closed","ping_status":"closed","sticky":false,"template":"","format":"standard","meta":{"_acf_changed":false,"footnotes":""},"categories":[],"tags":[],"class_list":["post-1929","post","type-post","status-publish","format-standard","hentry"],"acf":[],"_links":{"self":[{"href":"https:\/\/galeriam.com\/en\/wp-json\/wp\/v2\/posts\/1929","targetHints":{"allow":["GET"]}}],"collection":[{"href":"https:\/\/galeriam.com\/en\/wp-json\/wp\/v2\/posts"}],"about":[{"href":"https:\/\/galeriam.com\/en\/wp-json\/wp\/v2\/types\/post"}],"author":[{"embeddable":true,"href":"https:\/\/galeriam.com\/en\/wp-json\/wp\/v2\/users\/2"}],"replies":[{"embeddable":true,"href":"https:\/\/galeriam.com\/en\/wp-json\/wp\/v2\/comments?post=1929"}],"version-history":[{"count":0,"href":"https:\/\/galeriam.com\/en\/wp-json\/wp\/v2\/posts\/1929\/revisions"}],"wp:attachment":[{"href":"https:\/\/galeriam.com\/en\/wp-json\/wp\/v2\/media?parent=1929"}],"wp:term":[{"taxonomy":"category","embeddable":true,"href":"https:\/\/galeriam.com\/en\/wp-json\/wp\/v2\/categories?post=1929"},{"taxonomy":"post_tag","embeddable":true,"href":"https:\/\/galeriam.com\/en\/wp-json\/wp\/v2\/tags?post=1929"}],"curies":[{"name":"wp","href":"https:\/\/api.w.org\/{rel}","templated":true}]}}