{"id":6827,"date":"2019-06-11T12:15:46","date_gmt":"2019-06-11T10:15:46","guid":{"rendered":"http:\/\/galeriamnextgen.local\/rzezba-lukasza-rachwalaka-w-galerii-m\/"},"modified":"2019-06-11T12:28:16","modified_gmt":"2019-06-11T10:28:16","slug":"rzezba-lukasza-rachwalaka-w-galerii-m","status":"publish","type":"post","link":"https:\/\/galeriam.com\/en\/rzezba-lukasza-rachwalaka-w-galerii-m\/","title":{"rendered":"Sculpture by \u0141ukasz Rachwalak in Galeria M"},"content":{"rendered":"\n<p>From the beginning of this year we have been presenting sculptures by a young Wroc\u0142aw-based artist, \u0141ukasz Rachwalak. <\/p>\n\n\n\n<p>\u0141ukasz is a graduate of the Faculty of Ceramics and Glass at the Academy of Arts and Design in Wroc\u0142aw, where in 2013, he received his Master&#8217;s Degree Diploma in the field of Ceramic Art in professor Przemys\u0142aw Lasak&#8217;s studio, as well as in Functional Ceramics Design in the Ceramics in Architecture studio of professor Gabriel Palowski. <\/p>\n\n\n\n<p>He worked as an assistant at his alma mater in the Laboratory of Ceramic Technology and Ceramic Techniques, at the Faculty of Painting and Sculpture, as well as in the Laboratory of Intermedial Activities in Ceramics and Glass. Currently, his interests and activities focus on photography.<\/p>\n\n\n\n<p>Professionally bound to Wroc\u0142aw. Privately a father admiring the phenomenon of life. <\/p>\n\n\n\n<figure class=\"wp-block-image\"><img loading=\"lazy\" decoding=\"async\" width=\"1024\" height=\"681\" src=\"https:\/\/galeriam.com\/wp-content\/uploads\/2019\/06\/lukasz_rachwalak_ekspozycja15-1024x681.jpg\" alt=\"\" class=\"wp-image-6823\" srcset=\"https:\/\/galeriam.com\/wp-content\/uploads\/2019\/06\/lukasz_rachwalak_ekspozycja15.jpg 1024w, https:\/\/galeriam.com\/wp-content\/uploads\/2019\/06\/lukasz_rachwalak_ekspozycja15-600x399.jpg 600w, https:\/\/galeriam.com\/wp-content\/uploads\/2019\/06\/lukasz_rachwalak_ekspozycja15-250x166.jpg 250w, https:\/\/galeriam.com\/wp-content\/uploads\/2019\/06\/lukasz_rachwalak_ekspozycja15-300x200.jpg 300w, https:\/\/galeriam.com\/wp-content\/uploads\/2019\/06\/lukasz_rachwalak_ekspozycja15-768x511.jpg 768w\" sizes=\"auto, (max-width: 1024px) 100vw, 1024px\" \/><\/figure>\n\n\n\n<figure class=\"wp-block-image\"><img loading=\"lazy\" decoding=\"async\" width=\"1024\" height=\"681\" src=\"https:\/\/galeriam.com\/wp-content\/uploads\/2019\/06\/lukasz_rachwalak_ekspozycja07-1024x681.jpg\" alt=\"\" class=\"wp-image-6821\" srcset=\"https:\/\/galeriam.com\/wp-content\/uploads\/2019\/06\/lukasz_rachwalak_ekspozycja07.jpg 1024w, https:\/\/galeriam.com\/wp-content\/uploads\/2019\/06\/lukasz_rachwalak_ekspozycja07-600x399.jpg 600w, https:\/\/galeriam.com\/wp-content\/uploads\/2019\/06\/lukasz_rachwalak_ekspozycja07-250x166.jpg 250w, https:\/\/galeriam.com\/wp-content\/uploads\/2019\/06\/lukasz_rachwalak_ekspozycja07-300x200.jpg 300w, https:\/\/galeriam.com\/wp-content\/uploads\/2019\/06\/lukasz_rachwalak_ekspozycja07-768x511.jpg 768w\" sizes=\"auto, (max-width: 1024px) 100vw, 1024px\" \/><\/figure>\n\n\n\n<figure class=\"wp-block-image\"><img loading=\"lazy\" decoding=\"async\" width=\"1024\" height=\"683\" src=\"https:\/\/galeriam.com\/wp-content\/uploads\/2019\/06\/lukasz_rachwalak_ekspozycja01-1024x683.jpg\" alt=\"\" class=\"wp-image-6817\" srcset=\"https:\/\/galeriam.com\/wp-content\/uploads\/2019\/06\/lukasz_rachwalak_ekspozycja01.jpg 1024w, https:\/\/galeriam.com\/wp-content\/uploads\/2019\/06\/lukasz_rachwalak_ekspozycja01-600x400.jpg 600w, https:\/\/galeriam.com\/wp-content\/uploads\/2019\/06\/lukasz_rachwalak_ekspozycja01-250x167.jpg 250w, https:\/\/galeriam.com\/wp-content\/uploads\/2019\/06\/lukasz_rachwalak_ekspozycja01-300x200.jpg 300w, https:\/\/galeriam.com\/wp-content\/uploads\/2019\/06\/lukasz_rachwalak_ekspozycja01-768x512.jpg 768w\" sizes=\"auto, (max-width: 1024px) 100vw, 1024px\" \/><\/figure>\n","protected":false},"excerpt":{"rendered":"<p>From the beginning of this year we have been presenting sculptures by a young Wroc\u0142aw-based artist, \u0141ukasz Rachwalak. \u0141ukasz is a graduate of the Faculty [&hellip;]<\/p>\n","protected":false},"author":2,"featured_media":0,"comment_status":"open","ping_status":"open","sticky":false,"template":"","format":"standard","meta":{"_acf_changed":false,"footnotes":""},"categories":[4],"tags":[],"class_list":["post-6827","post","type-post","status-publish","format-standard","hentry","category-no-category"],"acf":[],"_links":{"self":[{"href":"https:\/\/galeriam.com\/en\/wp-json\/wp\/v2\/posts\/6827","targetHints":{"allow":["GET"]}}],"collection":[{"href":"https:\/\/galeriam.com\/en\/wp-json\/wp\/v2\/posts"}],"about":[{"href":"https:\/\/galeriam.com\/en\/wp-json\/wp\/v2\/types\/post"}],"author":[{"embeddable":true,"href":"https:\/\/galeriam.com\/en\/wp-json\/wp\/v2\/users\/2"}],"replies":[{"embeddable":true,"href":"https:\/\/galeriam.com\/en\/wp-json\/wp\/v2\/comments?post=6827"}],"version-history":[{"count":0,"href":"https:\/\/galeriam.com\/en\/wp-json\/wp\/v2\/posts\/6827\/revisions"}],"wp:attachment":[{"href":"https:\/\/galeriam.com\/en\/wp-json\/wp\/v2\/media?parent=6827"}],"wp:term":[{"taxonomy":"category","embeddable":true,"href":"https:\/\/galeriam.com\/en\/wp-json\/wp\/v2\/categories?post=6827"},{"taxonomy":"post_tag","embeddable":true,"href":"https:\/\/galeriam.com\/en\/wp-json\/wp\/v2\/tags?post=6827"}],"curies":[{"name":"wp","href":"https:\/\/api.w.org\/{rel}","templated":true}]}}